{"id":6899,"date":"2023-01-25T11:02:00","date_gmt":"2023-01-25T10:02:00","guid":{"rendered":"https:\/\/www.gbformacio.com\/canvis-en-la-bonificacio-de-la-formacio-de-caracter-obligatori-a-prl\/"},"modified":"2024-11-18T14:34:46","modified_gmt":"2024-11-18T13:34:46","slug":"canvis-en-la-bonificacio-de-la-formacio-de-caracter-obligatori-a-prl","status":"publish","type":"post","link":"https:\/\/www.gbformacio.com\/ca\/canvis-en-la-bonificacio-de-la-formacio-de-caracter-obligatori-a-prl\/","title":{"rendered":"Canvis en la bonificaci\u00f3 de la formaci\u00f3 de car\u00e0cter obligatori a PRL"},"content":{"rendered":"\n<p class=\"has-text-color has-link-color wp-elements-cbcb8695e55a75271f1e091e13fb5774\" style=\"color:#834996\"><strong>A finals del 2022, vam con\u00e8ixer la not\u00edcia que l?Audi\u00e8ncia Nacional va emetre una sent\u00e8ncia sobre la bonificaci\u00f3 d?accions formatives de prevenci\u00f3 de riscos laborals.<\/strong><\/p>\n\n<div style=\"height:24px\" aria-hidden=\"true\" class=\"wp-block-spacer\"><\/div>\n\n<p>Segons aquesta sent\u00e8ncia, que deriva d&#8217;una inspecci\u00f3 de treball, la formaci\u00f3 de car\u00e0cter obligatori en mat\u00e8ria de prevenci\u00f3 de riscos laborals no es pot bonificar.<\/p>\n\n<div style=\"height:24px\" aria-hidden=\"true\" class=\"wp-block-spacer\"><\/div>\n\n<p>A grans trets, la sent\u00e8ncia estableix difer\u00e8ncies entre:<\/p>\n\n<div style=\"height:24px\" aria-hidden=\"true\" class=\"wp-block-spacer\"><\/div>\n\n<ul class=\"wp-block-list\">\n<li>La formaci\u00f3 que regula la Llei 30\/2015, de 9 de setembre, sobre el Sistema de Formaci\u00f3 Professional per a l&#8217;ocupaci\u00f3 a l&#8217;\u00e0mbit laboral, en definir-la com aquella dirigida <em>\u201ca l&#8217;adquisici\u00f3, millora i actualitzaci\u00f3 permanent de les compet\u00e8ncies i qualificacions professionals, afavorint la formaci\u00f3 al llarg de tota la vida de la poblaci\u00f3 activa, i conjugant les necessitats de les persones, de les empreses, dels territoris i dels sectors productius\u201d<\/em>.<\/li>\n\n\n\n<li>I la formaci\u00f3 en mat\u00e8ria de Prevenci\u00f3 de Riscos Laborals regulada per la Llei 31\/1995, de 8 de novembre.<\/li>\n<\/ul>\n\n<div style=\"height:24px\" aria-hidden=\"true\" class=\"wp-block-spacer\"><\/div>\n\n<p>En concret, s&#8217;indica que la formaci\u00f3 en PRL, marc d&#8217;un pla de formaci\u00f3 desenvolupat per iniciativa empresarial o compromesa per la negociaci\u00f3 col\u00b7lectiva, no es pot considerar una acci\u00f3 formativa adre\u00e7ada a l&#8217;obtenci\u00f3 de la formaci\u00f3 professional per a l&#8217;ocupaci\u00f3. Es tracta d&#8217;una formaci\u00f3 que imposa obligat\u00f2riament la legislaci\u00f3 en aquesta mat\u00e8ria i, per tant, ha de ser sufragada a costa de l&#8217;empresari. <\/p>\n\n<div style=\"height:24px\" aria-hidden=\"true\" class=\"wp-block-spacer\"><\/div>\n\n<p>Tamb\u00e9 s&#8217;estableix una excepci\u00f3 amb les formacions en mat\u00e8ria preventiva de car\u00e0cter transversal considerades priorit\u00e0ries, \u00e9s a dir, no espec\u00edfiques d&#8217;una \u00e0rea o categoria en concret i de car\u00e0cter no obligatori. Aquesta formaci\u00f3 tindr\u00e0 una durada entre 4 i 6 hores. <\/p>\n\n<div style=\"height:24px\" aria-hidden=\"true\" class=\"wp-block-spacer\"><\/div>\n\n<p>De moment, la Fundaci\u00f3 Estatal per a la Formaci\u00f3 a l&#8217;Ocupaci\u00f3 (FUNDAE), a nivell t\u00e8cnic, gestiona la bonificaci\u00f3 de les formacions en aquesta mat\u00e8ria. De fet, encara no hi ha un posicionament clar ni de FUNDAE, ni del Servei P\u00fablic d&#8217;Ocupaci\u00f3 Estatal (SEPE). Tot i aix\u00f2, la Inspecci\u00f3 de Treball continua mantenint la seva posici\u00f3 sobre la no legalitat de la bonificaci\u00f3 de formaci\u00f3 obligat\u00f2ria en mat\u00e8ria de PRL.  <\/p>\n\n<div style=\"height:24px\" aria-hidden=\"true\" class=\"wp-block-spacer\"><\/div>\n\n<p>Davant d&#8217;aquesta situaci\u00f3 i fins que tant FUNDAE com SEPE no defineixin el seu posicionament respecte a aquest tema, <strong>des de Gremibaix Fundaci\u00f3 hem optat per no gestionar la bonificaci\u00f3 d&#8217;aquest tipus de formacions<\/strong>, especialment les regulades pels convenis metall\/construcci\u00f3, mat\u00e8ria definida a la sent\u00e8ncia esmentada.<\/p>\n","protected":false},"excerpt":{"rendered":"<p>A finals del 2022, vam con\u00e8ixer la not\u00edcia que l?Audi\u00e8ncia Nacional va emetre una sent\u00e8ncia sobre la bonificaci\u00f3 d?accions formatives de prevenci\u00f3 de riscos laborals. Segons aquesta sent\u00e8ncia, que deriva [&hellip;]<\/p>\n","protected":false},"author":1,"featured_media":6728,"comment_status":"closed","ping_status":"open","sticky":false,"template":"","format":"standard","meta":{"_acf_changed":false,"footnotes":""},"categories":[56],"tags":[],"class_list":["post-6899","post","type-post","status-publish","format-standard","has-post-thumbnail","hentry","category-actualitat"],"acf":[],"yoast_head":"<!-- This site is optimized with the Yoast SEO plugin v27.3 - https:\/\/yoast.com\/product\/yoast-seo-wordpress\/ -->\n<title>Canvis en la bonificaci\u00f3 de la formaci\u00f3 de car\u00e0cter obligatori a PRL - GB Fundaci\u00f3<\/title>\n<meta name=\"robots\" content=\"index, follow, max-snippet:-1, max-image-preview:large, max-video-preview:-1\" \/>\n<link rel=\"canonical\" href=\"https:\/\/www.gbformacio.com\/ca\/canvis-en-la-bonificacio-de-la-formacio-de-caracter-obligatori-a-prl\/\" \/>\n<meta property=\"og:locale\" content=\"ca_ES\" \/>\n<meta property=\"og:type\" content=\"article\" \/>\n<meta property=\"og:title\" content=\"Canvis en la bonificaci\u00f3 de la formaci\u00f3 de car\u00e0cter obligatori a PRL - GB Fundaci\u00f3\" \/>\n<meta property=\"og:description\" content=\"A finals del 2022, vam con\u00e8ixer la not\u00edcia que l?Audi\u00e8ncia Nacional va emetre una sent\u00e8ncia sobre la bonificaci\u00f3 d?accions formatives de prevenci\u00f3 de riscos laborals. Segons aquesta sent\u00e8ncia, que deriva [&hellip;]\" \/>\n<meta property=\"og:url\" content=\"https:\/\/www.gbformacio.com\/ca\/canvis-en-la-bonificacio-de-la-formacio-de-caracter-obligatori-a-prl\/\" \/>\n<meta property=\"og:site_name\" content=\"GB Fundaci\u00f3\" \/>\n<meta property=\"article:publisher\" content=\"https:\/\/www.facebook.com\/GBFundaci-164953027510395\/\" \/>\n<meta property=\"article:published_time\" content=\"2023-01-25T10:02:00+00:00\" \/>\n<meta property=\"article:modified_time\" content=\"2024-11-18T13:34:46+00:00\" \/>\n<meta property=\"og:image\" content=\"https:\/\/www.gbformacio.com\/wp-content\/uploads\/2021\/04\/placeholder-gbfundacio.jpg\" \/>\n\t<meta property=\"og:image:width\" content=\"760\" \/>\n\t<meta property=\"og:image:height\" content=\"380\" \/>\n\t<meta property=\"og:image:type\" content=\"image\/jpeg\" \/>\n<meta name=\"author\" content=\"Vilax\" \/>\n<meta name=\"twitter:card\" content=\"summary_large_image\" \/>\n<meta name=\"twitter:label1\" content=\"Escrit per\" \/>\n\t<meta name=\"twitter:data1\" content=\"Vilax\" \/>\n\t<meta name=\"twitter:label2\" content=\"Temps estimat de lectura\" \/>\n\t<meta name=\"twitter:data2\" content=\"2 minuts\" \/>\n<script type=\"application\/ld+json\" class=\"yoast-schema-graph\">{\"@context\":\"https:\\\/\\\/schema.org\",\"@graph\":[{\"@type\":\"Article\",\"@id\":\"https:\\\/\\\/www.gbformacio.com\\\/ca\\\/canvis-en-la-bonificacio-de-la-formacio-de-caracter-obligatori-a-prl\\\/#article\",\"isPartOf\":{\"@id\":\"https:\\\/\\\/www.gbformacio.com\\\/ca\\\/canvis-en-la-bonificacio-de-la-formacio-de-caracter-obligatori-a-prl\\\/\"},\"author\":{\"name\":\"Vilax\",\"@id\":\"https:\\\/\\\/www.gbformacio.com\\\/ca\\\/#\\\/schema\\\/person\\\/81ed467e356f76c6e05891f87ef9082d\"},\"headline\":\"Canvis en la bonificaci\u00f3 de la formaci\u00f3 de car\u00e0cter obligatori a PRL\",\"datePublished\":\"2023-01-25T10:02:00+00:00\",\"dateModified\":\"2024-11-18T13:34:46+00:00\",\"mainEntityOfPage\":{\"@id\":\"https:\\\/\\\/www.gbformacio.com\\\/ca\\\/canvis-en-la-bonificacio-de-la-formacio-de-caracter-obligatori-a-prl\\\/\"},\"wordCount\":417,\"publisher\":{\"@id\":\"https:\\\/\\\/www.gbformacio.com\\\/ca\\\/#organization\"},\"image\":{\"@id\":\"https:\\\/\\\/www.gbformacio.com\\\/ca\\\/canvis-en-la-bonificacio-de-la-formacio-de-caracter-obligatori-a-prl\\\/#primaryimage\"},\"thumbnailUrl\":\"https:\\\/\\\/www.gbformacio.com\\\/wp-content\\\/uploads\\\/2021\\\/04\\\/placeholder-gbfundacio.jpg\",\"articleSection\":[\"Actualitat\"],\"inLanguage\":\"ca\"},{\"@type\":\"WebPage\",\"@id\":\"https:\\\/\\\/www.gbformacio.com\\\/ca\\\/canvis-en-la-bonificacio-de-la-formacio-de-caracter-obligatori-a-prl\\\/\",\"url\":\"https:\\\/\\\/www.gbformacio.com\\\/ca\\\/canvis-en-la-bonificacio-de-la-formacio-de-caracter-obligatori-a-prl\\\/\",\"name\":\"Canvis en la bonificaci\u00f3 de la formaci\u00f3 de car\u00e0cter obligatori a PRL - GB Fundaci\u00f3\",\"isPartOf\":{\"@id\":\"https:\\\/\\\/www.gbformacio.com\\\/ca\\\/#website\"},\"primaryImageOfPage\":{\"@id\":\"https:\\\/\\\/www.gbformacio.com\\\/ca\\\/canvis-en-la-bonificacio-de-la-formacio-de-caracter-obligatori-a-prl\\\/#primaryimage\"},\"image\":{\"@id\":\"https:\\\/\\\/www.gbformacio.com\\\/ca\\\/canvis-en-la-bonificacio-de-la-formacio-de-caracter-obligatori-a-prl\\\/#primaryimage\"},\"thumbnailUrl\":\"https:\\\/\\\/www.gbformacio.com\\\/wp-content\\\/uploads\\\/2021\\\/04\\\/placeholder-gbfundacio.jpg\",\"datePublished\":\"2023-01-25T10:02:00+00:00\",\"dateModified\":\"2024-11-18T13:34:46+00:00\",\"breadcrumb\":{\"@id\":\"https:\\\/\\\/www.gbformacio.com\\\/ca\\\/canvis-en-la-bonificacio-de-la-formacio-de-caracter-obligatori-a-prl\\\/#breadcrumb\"},\"inLanguage\":\"ca\",\"potentialAction\":[{\"@type\":\"ReadAction\",\"target\":[\"https:\\\/\\\/www.gbformacio.com\\\/ca\\\/canvis-en-la-bonificacio-de-la-formacio-de-caracter-obligatori-a-prl\\\/\"]}]},{\"@type\":\"ImageObject\",\"inLanguage\":\"ca\",\"@id\":\"https:\\\/\\\/www.gbformacio.com\\\/ca\\\/canvis-en-la-bonificacio-de-la-formacio-de-caracter-obligatori-a-prl\\\/#primaryimage\",\"url\":\"https:\\\/\\\/www.gbformacio.com\\\/wp-content\\\/uploads\\\/2021\\\/04\\\/placeholder-gbfundacio.jpg\",\"contentUrl\":\"https:\\\/\\\/www.gbformacio.com\\\/wp-content\\\/uploads\\\/2021\\\/04\\\/placeholder-gbfundacio.jpg\",\"width\":760,\"height\":380},{\"@type\":\"BreadcrumbList\",\"@id\":\"https:\\\/\\\/www.gbformacio.com\\\/ca\\\/canvis-en-la-bonificacio-de-la-formacio-de-caracter-obligatori-a-prl\\\/#breadcrumb\",\"itemListElement\":[{\"@type\":\"ListItem\",\"position\":1,\"name\":\"Portada\",\"item\":\"https:\\\/\\\/www.gbformacio.com\\\/ca\\\/inici\\\/\"},{\"@type\":\"ListItem\",\"position\":2,\"name\":\"Canvis en la bonificaci\u00f3 de la formaci\u00f3 de car\u00e0cter obligatori a PRL\"}]},{\"@type\":\"WebSite\",\"@id\":\"https:\\\/\\\/www.gbformacio.com\\\/ca\\\/#website\",\"url\":\"https:\\\/\\\/www.gbformacio.com\\\/ca\\\/\",\"name\":\"GB Fundaci\u00f3\",\"description\":\"\",\"publisher\":{\"@id\":\"https:\\\/\\\/www.gbformacio.com\\\/ca\\\/#organization\"},\"potentialAction\":[{\"@type\":\"SearchAction\",\"target\":{\"@type\":\"EntryPoint\",\"urlTemplate\":\"https:\\\/\\\/www.gbformacio.com\\\/ca\\\/?s={search_term_string}\"},\"query-input\":{\"@type\":\"PropertyValueSpecification\",\"valueRequired\":true,\"valueName\":\"search_term_string\"}}],\"inLanguage\":\"ca\"},{\"@type\":\"Organization\",\"@id\":\"https:\\\/\\\/www.gbformacio.com\\\/ca\\\/#organization\",\"name\":\"GB Fundaci\u00f3\",\"url\":\"https:\\\/\\\/www.gbformacio.com\\\/ca\\\/\",\"logo\":{\"@type\":\"ImageObject\",\"inLanguage\":\"ca\",\"@id\":\"https:\\\/\\\/www.gbformacio.com\\\/ca\\\/#\\\/schema\\\/logo\\\/image\\\/\",\"url\":\"https:\\\/\\\/www.gbformacio.com\\\/wp-content\\\/uploads\\\/2024\\\/09\\\/logo.svg\",\"contentUrl\":\"https:\\\/\\\/www.gbformacio.com\\\/wp-content\\\/uploads\\\/2024\\\/09\\\/logo.svg\",\"width\":367,\"height\":190,\"caption\":\"GB Fundaci\u00f3\"},\"image\":{\"@id\":\"https:\\\/\\\/www.gbformacio.com\\\/ca\\\/#\\\/schema\\\/logo\\\/image\\\/\"},\"sameAs\":[\"https:\\\/\\\/www.facebook.com\\\/GBFundaci-164953027510395\\\/\"]},{\"@type\":\"Person\",\"@id\":\"https:\\\/\\\/www.gbformacio.com\\\/ca\\\/#\\\/schema\\\/person\\\/81ed467e356f76c6e05891f87ef9082d\",\"name\":\"Vilax\",\"image\":{\"@type\":\"ImageObject\",\"inLanguage\":\"ca\",\"@id\":\"https:\\\/\\\/secure.gravatar.com\\\/avatar\\\/e66b99c8edce6fcd8efead3d101f63e378254288b61297143f445a4c7e671f87?s=96&d=mm&r=g\",\"url\":\"https:\\\/\\\/secure.gravatar.com\\\/avatar\\\/e66b99c8edce6fcd8efead3d101f63e378254288b61297143f445a4c7e671f87?s=96&d=mm&r=g\",\"contentUrl\":\"https:\\\/\\\/secure.gravatar.com\\\/avatar\\\/e66b99c8edce6fcd8efead3d101f63e378254288b61297143f445a4c7e671f87?s=96&d=mm&r=g\",\"caption\":\"Vilax\"},\"sameAs\":[\"https:\\\/\\\/www.gbformacio.com\"],\"url\":\"https:\\\/\\\/www.gbformacio.com\\\/ca\\\/author\\\/vilax\\\/\"}]}<\/script>\n<!-- \/ Yoast SEO plugin. -->","yoast_head_json":{"title":"Canvis en la bonificaci\u00f3 de la formaci\u00f3 de car\u00e0cter obligatori a PRL - GB Fundaci\u00f3","robots":{"index":"index","follow":"follow","max-snippet":"max-snippet:-1","max-image-preview":"max-image-preview:large","max-video-preview":"max-video-preview:-1"},"canonical":"https:\/\/www.gbformacio.com\/ca\/canvis-en-la-bonificacio-de-la-formacio-de-caracter-obligatori-a-prl\/","og_locale":"ca_ES","og_type":"article","og_title":"Canvis en la bonificaci\u00f3 de la formaci\u00f3 de car\u00e0cter obligatori a PRL - GB Fundaci\u00f3","og_description":"A finals del 2022, vam con\u00e8ixer la not\u00edcia que l?Audi\u00e8ncia Nacional va emetre una sent\u00e8ncia sobre la bonificaci\u00f3 d?accions formatives de prevenci\u00f3 de riscos laborals. Segons aquesta sent\u00e8ncia, que deriva [&hellip;]","og_url":"https:\/\/www.gbformacio.com\/ca\/canvis-en-la-bonificacio-de-la-formacio-de-caracter-obligatori-a-prl\/","og_site_name":"GB Fundaci\u00f3","article_publisher":"https:\/\/www.facebook.com\/GBFundaci-164953027510395\/","article_published_time":"2023-01-25T10:02:00+00:00","article_modified_time":"2024-11-18T13:34:46+00:00","og_image":[{"width":760,"height":380,"url":"https:\/\/www.gbformacio.com\/wp-content\/uploads\/2021\/04\/placeholder-gbfundacio.jpg","type":"image\/jpeg"}],"author":"Vilax","twitter_card":"summary_large_image","twitter_misc":{"Escrit per":"Vilax","Temps estimat de lectura":"2 minuts"},"schema":{"@context":"https:\/\/schema.org","@graph":[{"@type":"Article","@id":"https:\/\/www.gbformacio.com\/ca\/canvis-en-la-bonificacio-de-la-formacio-de-caracter-obligatori-a-prl\/#article","isPartOf":{"@id":"https:\/\/www.gbformacio.com\/ca\/canvis-en-la-bonificacio-de-la-formacio-de-caracter-obligatori-a-prl\/"},"author":{"name":"Vilax","@id":"https:\/\/www.gbformacio.com\/ca\/#\/schema\/person\/81ed467e356f76c6e05891f87ef9082d"},"headline":"Canvis en la bonificaci\u00f3 de la formaci\u00f3 de car\u00e0cter obligatori a PRL","datePublished":"2023-01-25T10:02:00+00:00","dateModified":"2024-11-18T13:34:46+00:00","mainEntityOfPage":{"@id":"https:\/\/www.gbformacio.com\/ca\/canvis-en-la-bonificacio-de-la-formacio-de-caracter-obligatori-a-prl\/"},"wordCount":417,"publisher":{"@id":"https:\/\/www.gbformacio.com\/ca\/#organization"},"image":{"@id":"https:\/\/www.gbformacio.com\/ca\/canvis-en-la-bonificacio-de-la-formacio-de-caracter-obligatori-a-prl\/#primaryimage"},"thumbnailUrl":"https:\/\/www.gbformacio.com\/wp-content\/uploads\/2021\/04\/placeholder-gbfundacio.jpg","articleSection":["Actualitat"],"inLanguage":"ca"},{"@type":"WebPage","@id":"https:\/\/www.gbformacio.com\/ca\/canvis-en-la-bonificacio-de-la-formacio-de-caracter-obligatori-a-prl\/","url":"https:\/\/www.gbformacio.com\/ca\/canvis-en-la-bonificacio-de-la-formacio-de-caracter-obligatori-a-prl\/","name":"Canvis en la bonificaci\u00f3 de la formaci\u00f3 de car\u00e0cter obligatori a PRL - GB Fundaci\u00f3","isPartOf":{"@id":"https:\/\/www.gbformacio.com\/ca\/#website"},"primaryImageOfPage":{"@id":"https:\/\/www.gbformacio.com\/ca\/canvis-en-la-bonificacio-de-la-formacio-de-caracter-obligatori-a-prl\/#primaryimage"},"image":{"@id":"https:\/\/www.gbformacio.com\/ca\/canvis-en-la-bonificacio-de-la-formacio-de-caracter-obligatori-a-prl\/#primaryimage"},"thumbnailUrl":"https:\/\/www.gbformacio.com\/wp-content\/uploads\/2021\/04\/placeholder-gbfundacio.jpg","datePublished":"2023-01-25T10:02:00+00:00","dateModified":"2024-11-18T13:34:46+00:00","breadcrumb":{"@id":"https:\/\/www.gbformacio.com\/ca\/canvis-en-la-bonificacio-de-la-formacio-de-caracter-obligatori-a-prl\/#breadcrumb"},"inLanguage":"ca","potentialAction":[{"@type":"ReadAction","target":["https:\/\/www.gbformacio.com\/ca\/canvis-en-la-bonificacio-de-la-formacio-de-caracter-obligatori-a-prl\/"]}]},{"@type":"ImageObject","inLanguage":"ca","@id":"https:\/\/www.gbformacio.com\/ca\/canvis-en-la-bonificacio-de-la-formacio-de-caracter-obligatori-a-prl\/#primaryimage","url":"https:\/\/www.gbformacio.com\/wp-content\/uploads\/2021\/04\/placeholder-gbfundacio.jpg","contentUrl":"https:\/\/www.gbformacio.com\/wp-content\/uploads\/2021\/04\/placeholder-gbfundacio.jpg","width":760,"height":380},{"@type":"BreadcrumbList","@id":"https:\/\/www.gbformacio.com\/ca\/canvis-en-la-bonificacio-de-la-formacio-de-caracter-obligatori-a-prl\/#breadcrumb","itemListElement":[{"@type":"ListItem","position":1,"name":"Portada","item":"https:\/\/www.gbformacio.com\/ca\/inici\/"},{"@type":"ListItem","position":2,"name":"Canvis en la bonificaci\u00f3 de la formaci\u00f3 de car\u00e0cter obligatori a PRL"}]},{"@type":"WebSite","@id":"https:\/\/www.gbformacio.com\/ca\/#website","url":"https:\/\/www.gbformacio.com\/ca\/","name":"GB Fundaci\u00f3","description":"","publisher":{"@id":"https:\/\/www.gbformacio.com\/ca\/#organization"},"potentialAction":[{"@type":"SearchAction","target":{"@type":"EntryPoint","urlTemplate":"https:\/\/www.gbformacio.com\/ca\/?s={search_term_string}"},"query-input":{"@type":"PropertyValueSpecification","valueRequired":true,"valueName":"search_term_string"}}],"inLanguage":"ca"},{"@type":"Organization","@id":"https:\/\/www.gbformacio.com\/ca\/#organization","name":"GB Fundaci\u00f3","url":"https:\/\/www.gbformacio.com\/ca\/","logo":{"@type":"ImageObject","inLanguage":"ca","@id":"https:\/\/www.gbformacio.com\/ca\/#\/schema\/logo\/image\/","url":"https:\/\/www.gbformacio.com\/wp-content\/uploads\/2024\/09\/logo.svg","contentUrl":"https:\/\/www.gbformacio.com\/wp-content\/uploads\/2024\/09\/logo.svg","width":367,"height":190,"caption":"GB Fundaci\u00f3"},"image":{"@id":"https:\/\/www.gbformacio.com\/ca\/#\/schema\/logo\/image\/"},"sameAs":["https:\/\/www.facebook.com\/GBFundaci-164953027510395\/"]},{"@type":"Person","@id":"https:\/\/www.gbformacio.com\/ca\/#\/schema\/person\/81ed467e356f76c6e05891f87ef9082d","name":"Vilax","image":{"@type":"ImageObject","inLanguage":"ca","@id":"https:\/\/secure.gravatar.com\/avatar\/e66b99c8edce6fcd8efead3d101f63e378254288b61297143f445a4c7e671f87?s=96&d=mm&r=g","url":"https:\/\/secure.gravatar.com\/avatar\/e66b99c8edce6fcd8efead3d101f63e378254288b61297143f445a4c7e671f87?s=96&d=mm&r=g","contentUrl":"https:\/\/secure.gravatar.com\/avatar\/e66b99c8edce6fcd8efead3d101f63e378254288b61297143f445a4c7e671f87?s=96&d=mm&r=g","caption":"Vilax"},"sameAs":["https:\/\/www.gbformacio.com"],"url":"https:\/\/www.gbformacio.com\/ca\/author\/vilax\/"}]}},"_links":{"self":[{"href":"https:\/\/www.gbformacio.com\/ca\/wp-json\/wp\/v2\/posts\/6899","targetHints":{"allow":["GET"]}}],"collection":[{"href":"https:\/\/www.gbformacio.com\/ca\/wp-json\/wp\/v2\/posts"}],"about":[{"href":"https:\/\/www.gbformacio.com\/ca\/wp-json\/wp\/v2\/types\/post"}],"author":[{"embeddable":true,"href":"https:\/\/www.gbformacio.com\/ca\/wp-json\/wp\/v2\/users\/1"}],"replies":[{"embeddable":true,"href":"https:\/\/www.gbformacio.com\/ca\/wp-json\/wp\/v2\/comments?post=6899"}],"version-history":[{"count":0,"href":"https:\/\/www.gbformacio.com\/ca\/wp-json\/wp\/v2\/posts\/6899\/revisions"}],"wp:featuredmedia":[{"embeddable":true,"href":"https:\/\/www.gbformacio.com\/ca\/wp-json\/wp\/v2\/media\/6728"}],"wp:attachment":[{"href":"https:\/\/www.gbformacio.com\/ca\/wp-json\/wp\/v2\/media?parent=6899"}],"wp:term":[{"taxonomy":"category","embeddable":true,"href":"https:\/\/www.gbformacio.com\/ca\/wp-json\/wp\/v2\/categories?post=6899"},{"taxonomy":"post_tag","embeddable":true,"href":"https:\/\/www.gbformacio.com\/ca\/wp-json\/wp\/v2\/tags?post=6899"}],"curies":[{"name":"wp","href":"https:\/\/api.w.org\/{rel}","templated":true}]}}